{"id":618,"date":"2020-05-25T17:23:27","date_gmt":"2020-05-25T20:23:27","guid":{"rendered":"https:\/\/www.officenr.com.br\/blog\/?p=618"},"modified":"2020-06-09T11:51:21","modified_gmt":"2020-06-09T14:51:21","slug":"nr12-covid","status":"publish","type":"post","link":"https:\/\/www.officenr.com.br\/blog\/nr12-covid\/","title":{"rendered":"NR12 em tempos de Covid-19"},"content":{"rendered":"\n<p>N\u00e3o \u00e9 novidade que o novo coronav\u00edrus tem gerado impacto em todas as \u00e1reas da economia e criado incerteza nos empres\u00e1rios. Afinal, tal como a Covid-19, a crise econ\u00f4mica n\u00e3o tem uma \u201ccura\u201d conhecida. Tendo isso em vista, o governo adotou uma s\u00e9rie de medidas excepcionais, como o estado de calamidade p\u00fablica e a MP 927. Esta \u00faltima flexibiliza a interpreta\u00e7\u00e3o da NR 12 e <strong>determina que os treinamentos j\u00e1 realizados ter\u00e3o sua vig\u00eancia mantida at\u00e9 90 dias ap\u00f3s o fim do estado de calamidade p\u00fablica<\/strong>.<\/p>\n\n\n\n<p>Neste momento de incerteza, precisamos nos adequar \u00e0 situa\u00e7\u00e3o e contribuir para mudan\u00e7as que amenizem seus efeitos. Neste artigo, vamos apresentar a voc\u00ea atitudes promissoras no enfrentamento \u00e0 crise econ\u00f4mica que podem ajudar o seu neg\u00f3cio.<\/p>\n\n\n\n<h2 class=\"wp-block-heading\">\u00c9 hora de afiar o machado<\/h2>\n\n\n\n<p>H\u00e1 uma frase atribu\u00edda a Abraham Lincoln, um dos mais c\u00e9lebres presidentes dos Estados Unidos, que diz &#8220;se voc\u00ea me der seis horas para cortar uma \u00e1rvore, as quatro primeiras eu vou usar para afiar o machado\u201d. Essa frase resume a ideia de que \u00e9 preciso dedicar bastante tempo ao preparo do cen\u00e1rio onde se quer chegar. A realiza\u00e7\u00e3o do objetivo, por si s\u00f3, ocorre pontualmente, mas deriva de um processo muito mais amplo que \u00e9 gestado na \u00e9poca em que o mercado anda a passos lentos. Assim, quando a economia reaquece, aquele que se preparou sai na frente.<\/p>\n\n\n\n<p>Portanto, n\u00e3o \u00e9 o momento de subestimar os processos de adequa\u00e7\u00e3o da sua empresa. Pelo contr\u00e1rio, aproveite a ociosidade das m\u00e1quinas para aprimorar a seguran\u00e7a da sua empresa. <strong>A adequa\u00e7\u00e3o \u00e0 norma segue sendo necess\u00e1ria e a fiscaliza\u00e7\u00e3o continua para casos graves e iminentes<\/strong>. \u00c9 preciso ter clareza de que a NR12 n\u00e3o \u00e9 s\u00f3 uma obrigatoriedade, mas sim uma atitude respons\u00e1vel com os funcion\u00e1rios e suas fam\u00edlias. Os resultados de adequar a empresa agora ser\u00e3o ainda mais ben\u00e9ficos no futuro, quando teremos dado um salto tecnol\u00f3gico em n\u00edvel global e as empresas preparadas ir\u00e3o se destacar.<\/p>\n\n\n\n<p>Al\u00e9m disso, \u00e9 preciso aproveitar o momento para aprender mais e trocar conhecimentos com o mercado. Se sua empresa \u00e9 especialista em um assunto, pense em compartilhar seu conhecimento e construir autoridade. Se voc\u00ea tem d\u00favidas em algum campo importante do seu trabalho, busque outras empresas e profissionais de refer\u00eancia para te ajudar.<\/p>\n\n\n\n<p>Depois que seu machado estiver afiado, pode ter certeza: voc\u00ea vai ter muito mais lenha.<\/p>\n\n\n\n<h2 class=\"wp-block-heading\">Adequa\u00e7\u00e3o total<\/h2>\n\n\n\n<p>Hoje, o mundo inteiro vive um desafio inesperado, um \u201cimprevisto\u201d, que mostra como \u00e9 importante <strong>manter a aten\u00e7\u00e3o constante<\/strong> nas necessidades dos clientes. \u00c9 hora de pensar, por exemplo, em produzir m\u00f3veis adequados aos profissionais que est\u00e3o em home office, elevadores que n\u00e3o exijam toque no painel e produtos mais presente\u00e1veis, pensando em fazer as pessoas se sentirem mais pr\u00f3ximas, mesmo quando estiverem distantes.<\/p>\n\n\n\n<p>A crise que vivemos sacudiu as estruturas da economia, mas aqueles que entenderem a dimens\u00e3o do problema e buscarem resolv\u00ea-lo com certeza sair\u00e3o fortalecidos. O resultado da crise depende do qu\u00e3o h\u00e1beis seremos lidando com ela.<\/p>\n\n\n\n<h2 class=\"wp-block-heading\"><strong>Do que sua empresa \u00e9 feita?<\/strong><\/h2>\n\n\n\n<p>\u00c9 hora de estreitar os la\u00e7os e provar o valor que sua empresa tem. Em per\u00edodos dif\u00edceis, a tend\u00eancia geral \u00e9 priorizar aqueles que est\u00e3o conosco e com quem temos uma rela\u00e7\u00e3o transparente. Esse princ\u00edpio tamb\u00e9m vale para as empresas. Seja transparente com seus funcion\u00e1rios e fornecedores e busque formas de manter os compromissos assumidos. \u00c9 preciso ser justo, mas n\u00e3o inflex\u00edvel.&nbsp;<\/p>\n\n\n\n<p>E voc\u00ea, que outras atitudes tem valorizado nesse momento?<\/p>\n\n\n\n<!--more Saiba mais-->\n\n\n\n<p>Leia a MP 927 na \u00edntegra: <a href=\"http:\/\/www.planalto.gov.br\/ccivil_03\/_Ato2019-2022\/2020\/Mpv\/mpv927.htm\">http:\/\/www.planalto.gov.br\/ccivil_03\/_Ato2019-2022\/2020\/Mpv\/mpv927.htm<\/a><\/p>\n","protected":false},"excerpt":{"rendered":"<p>Como o setor industrial pode se preparar mesmo durante a crise?<\/p>\n","protected":false},"author":2,"featured_media":619,"comment_status":"closed","ping_status":"closed","sticky":false,"template":"","format":"standard","meta":{"footnotes":""},"categories":[32],"tags":[35,47,50,38,58,59,37,56,55,36,46,48,49,52,34,33,44,41,40,39,42,45,43,54,53,51,57],"class_list":["entry","author-officenr","has-excerpt","has-more-link","post-618","post","type-post","status-publish","format-standard","has-post-thumbnail","category-negocios","tag-adequacao-a-nr-12","tag-adequacao-de-maquinas","tag-adequacao-de-maquinas-nr12","tag-art-nr12","tag-como-fazer-nr12","tag-consultoria-nr12","tag-engenharia-de-seguranca","tag-engenharia-eletrica","tag-engenharia-mecanica","tag-fiscalizacao-de-nr-12","tag-fiscalizacao-nr12","tag-in129","tag-legislacao-nr12","tag-norma-regulamentadora-12","tag-nr-12","tag-nr12","tag-nr12-2019","tag-nr12-2020","tag-nr12-atualizada","tag-nr12-como-adequar","tag-nr12-resumida","tag-office-nr","tag-officenr","tag-produtividade-maquinas","tag-produtividade-na-industria","tag-seguranca-do-trabalho","tag-seguranca-na-industria"],"_links":{"self":[{"href":"https:\/\/www.officenr.com.br\/blog\/wp-json\/wp\/v2\/posts\/618","targetHints":{"allow":["GET"]}}],"collection":[{"href":"https:\/\/www.officenr.com.br\/blog\/wp-json\/wp\/v2\/posts"}],"about":[{"href":"https:\/\/www.officenr.com.br\/blog\/wp-json\/wp\/v2\/types\/post"}],"author":[{"embeddable":true,"href":"https:\/\/www.officenr.com.br\/blog\/wp-json\/wp\/v2\/users\/2"}],"replies":[{"embeddable":true,"href":"https:\/\/www.officenr.com.br\/blog\/wp-json\/wp\/v2\/comments?post=618"}],"version-history":[{"count":5,"href":"https:\/\/www.officenr.com.br\/blog\/wp-json\/wp\/v2\/posts\/618\/revisions"}],"predecessor-version":[{"id":634,"href":"https:\/\/www.officenr.com.br\/blog\/wp-json\/wp\/v2\/posts\/618\/revisions\/634"}],"wp:featuredmedia":[{"embeddable":true,"href":"https:\/\/www.officenr.com.br\/blog\/wp-json\/wp\/v2\/media\/619"}],"wp:attachment":[{"href":"https:\/\/www.officenr.com.br\/blog\/wp-json\/wp\/v2\/media?parent=618"}],"wp:term":[{"taxonomy":"category","embeddable":true,"href":"https:\/\/www.officenr.com.br\/blog\/wp-json\/wp\/v2\/categories?post=618"},{"taxonomy":"post_tag","embeddable":true,"href":"https:\/\/www.officenr.com.br\/blog\/wp-json\/wp\/v2\/tags?post=618"}],"curies":[{"name":"wp","href":"https:\/\/api.w.org\/{rel}","templated":true}]}}