{"id":706,"date":"2020-08-18T11:50:40","date_gmt":"2020-08-18T14:50:40","guid":{"rendered":"https:\/\/www.officenr.com.br\/blog\/?p=706"},"modified":"2020-08-18T16:04:52","modified_gmt":"2020-08-18T19:04:52","slug":"live-nr12","status":"publish","type":"post","link":"https:\/\/www.officenr.com.br\/blog\/live-nr12\/","title":{"rendered":"OfficeNR participa de live sobre NR12"},"content":{"rendered":"\n<p><strong>Abim\u00f3vel<\/strong>,<strong> Intersind &#8211; Ub\u00e1 <\/strong>e <strong>OfficeNR<\/strong> unem saberes no dia <strong>27\/08<\/strong>, \u00e0s<strong> 19h<\/strong>, quando acontece um bate-papo online sobre NR12. Participam do painel a diretora executiva da Abim\u00f3vel, C\u00e2ndida Cervieri, o ex-presidente da institui\u00e7\u00e3o e atual presidente do conselho, Daniel Lutz, e o diretor da OfficeNR, Maykell Kreissig. Na pauta est\u00e3o as \u00faltimas atualiza\u00e7\u00f5es da NR12, a documenta\u00e7\u00e3o exigida, como desenvolver um plano de a\u00e7\u00e3o e muitos outros t\u00f3picos, al\u00e9m de um momento para empres\u00e1rios e profissionais de seguran\u00e7a tirarem suas d\u00favidas ao vivo.<\/p>\n\n\n\n<figure class=\"wp-block-image size-large is-resized\"><img loading=\"lazy\" decoding=\"async\" src=\"data:image\/gif;base64,R0lGODlhAQABAIAAAAAAAP\/\/\/yH5BAEAAAAALAAAAAABAAEAAAIBRAA7\" data-src=\"https:\/\/www.officenr.com.br\/blog\/wp-content\/uploads\/2020\/08\/Banner_blog.png\" alt=\"Participa\u00e7\u00f5es: Maykell Kreissig, engenheiro mec\u00e2nico e de seguran\u00e7a do trabalho e diretor da OfficeNR; Daniel Lutz, ex-presidente da Abim\u00f3vel e atual presidente do conselho; C\u00e2ndida Cervieri, diretora executiva da Abim\u00f3vel.\" class=\"wp-image-710\" width=\"703\" height=\"263\"\/><noscript><img loading=\"lazy\" decoding=\"async\" src=\"https:\/\/www.officenr.com.br\/blog\/wp-content\/uploads\/2020\/08\/Banner_blog.png\" alt=\"Participa\u00e7\u00f5es: Maykell Kreissig, engenheiro mec\u00e2nico e de seguran\u00e7a do trabalho e diretor da OfficeNR; Daniel Lutz, ex-presidente da Abim\u00f3vel e atual presidente do conselho; C\u00e2ndida Cervieri, diretora executiva da Abim\u00f3vel.\" class=\"wp-image-710\" width=\"703\" height=\"263\" srcset=\"https:\/\/www.officenr.com.br\/blog\/wp-content\/uploads\/2020\/08\/Banner_blog.png 800w, https:\/\/www.officenr.com.br\/blog\/wp-content\/uploads\/2020\/08\/Banner_blog-300x113.png 300w, https:\/\/www.officenr.com.br\/blog\/wp-content\/uploads\/2020\/08\/Banner_blog-768x288.png 768w\" sizes=\"auto, (max-width: 703px) 100vw, 703px\" \/><\/noscript><\/figure>\n\n\n\n<h2 class=\"wp-block-heading\">O objetivo da live \u00e9 ajudar empres\u00e1rios a aliar seguran\u00e7a e produtividade e demonstrar como a NR12 pode levar \u00e0 elimina\u00e7\u00e3o de gargalos na f\u00e1brica e ao ganho de efici\u00eancia nos processos.<\/h2>\n\n\n\n<p>O evento tem foco no setor moveleiro, mas \u00e9 aberto a ind\u00fastrias de todos os setores. Voc\u00ea pode participar gratuitamente desse evento. Para isso, basta se inscrever no site <a href=\"http:\/\/officenr.com.br\/site\/live\">http:\/\/officenr.com.br<\/a><a href=\"http:\/\/officenr.com.br\/site\/live\" target=\"_blank\" rel=\"noreferrer noopener\">\/<\/a><a href=\"http:\/\/officenr.com.br\/site\/live\">site\/live<\/a> at\u00e9 o dia 26 ou enquanto houver vagas &#8211; antecipe-se, pois elas s\u00e3o limitadas.<\/p>\n\n\n\n<div class=\"wp-block-buttons is-layout-flex wp-block-buttons-is-layout-flex\">\n<div class=\"wp-block-button\"><a class=\"wp-block-button__link has-text-color has-background\" href=\"http:\/\/officenr.com.br\/site\/live\" style=\"background-color:#d1cc2c;color:#3d435f\" target=\"_blank\" rel=\"http:\/\/officenr.com.br\/site\/live noopener noreferrer\"> QUERO ME INSCREVER                  <\/a><\/div>\n<\/div>\n","protected":false},"excerpt":{"rendered":"<p>Abim&oacute;vel, Intersind &ndash; Ub&aacute; e OfficeNR unem saberes no dia 27\/08, &agrave;s 19h, quando acontece um bate-papo online sobre NR12. &#8230;<\/p>\n","protected":false},"author":2,"featured_media":707,"comment_status":"closed","ping_status":"closed","sticky":true,"template":"","format":"standard","meta":{"footnotes":""},"categories":[32],"tags":[35,47,50,55,52,33,39],"class_list":["entry","author-officenr","post-706","post","type-post","status-publish","format-standard","has-post-thumbnail","category-negocios","tag-adequacao-a-nr-12","tag-adequacao-de-maquinas","tag-adequacao-de-maquinas-nr12","tag-engenharia-mecanica","tag-norma-regulamentadora-12","tag-nr12","tag-nr12-como-adequar"],"_links":{"self":[{"href":"https:\/\/www.officenr.com.br\/blog\/wp-json\/wp\/v2\/posts\/706","targetHints":{"allow":["GET"]}}],"collection":[{"href":"https:\/\/www.officenr.com.br\/blog\/wp-json\/wp\/v2\/posts"}],"about":[{"href":"https:\/\/www.officenr.com.br\/blog\/wp-json\/wp\/v2\/types\/post"}],"author":[{"embeddable":true,"href":"https:\/\/www.officenr.com.br\/blog\/wp-json\/wp\/v2\/users\/2"}],"replies":[{"embeddable":true,"href":"https:\/\/www.officenr.com.br\/blog\/wp-json\/wp\/v2\/comments?post=706"}],"version-history":[{"count":6,"href":"https:\/\/www.officenr.com.br\/blog\/wp-json\/wp\/v2\/posts\/706\/revisions"}],"predecessor-version":[{"id":714,"href":"https:\/\/www.officenr.com.br\/blog\/wp-json\/wp\/v2\/posts\/706\/revisions\/714"}],"wp:featuredmedia":[{"embeddable":true,"href":"https:\/\/www.officenr.com.br\/blog\/wp-json\/wp\/v2\/media\/707"}],"wp:attachment":[{"href":"https:\/\/www.officenr.com.br\/blog\/wp-json\/wp\/v2\/media?parent=706"}],"wp:term":[{"taxonomy":"category","embeddable":true,"href":"https:\/\/www.officenr.com.br\/blog\/wp-json\/wp\/v2\/categories?post=706"},{"taxonomy":"post_tag","embeddable":true,"href":"https:\/\/www.officenr.com.br\/blog\/wp-json\/wp\/v2\/tags?post=706"}],"curies":[{"name":"wp","href":"https:\/\/api.w.org\/{rel}","templated":true}]}}